{"id":37,"date":"2013-11-05T15:02:53","date_gmt":"2013-11-05T14:02:53","guid":{"rendered":"http:\/\/shop.alabordage.fr\/blog\/?p=37"},"modified":"2023-04-19T08:04:12","modified_gmt":"2023-04-19T07:04:12","slug":"le-nautic-de-paris-levenement-incontournable-de-chaque-fin-dannee","status":"publish","type":"post","link":"https:\/\/www.alabordage.fr\/blog\/le-nautic-de-paris-levenement-incontournable-de-chaque-fin-dannee\/","title":{"rendered":"Le Nautic de Paris, un \u00e9v\u00e8nement incontournable"},"content":{"rendered":"<p>Apr\u00e8s le grand Pavois de La Rochelle puis le mille Sabords du Crouesty, c\u2019est le <strong>salon Nautic de Paris<\/strong> qui va ouvrir ses portes du 7 au 15 d\u00e9cembre 2013. <img loading=\"lazy\" decoding=\"async\" class=\"alignright wp-image-77 size-full\" src=\"https:\/\/alabordage.fr\/blog\/wp-content\/uploads\/2013\/11\/logo_Nautic.png\" alt=\"nautic paris\" width=\"231\" height=\"126\" \/>Situ\u00e9 au parc des expositions, au niveau de la <strong>porte de Versailles<\/strong>, celui-ci rassemblera cette ann\u00e9e pr\u00e8s de 810 exposants.<\/p>\n<p>Premier salon nautique au monde en terme de fr\u00e9quentation avec pr\u00e8s de 250\u00a0000 visites, le Nautic est l\u2019\u00e9v\u00e8nement incontournable des passionn\u00e9s de nautisme. On comptera cette ann\u00e9e plus de 800 bateaux (420 bateaux \u00e0 moteur et 380 voiliers) dont 200 nouveaut\u00e9s.<\/p>\n<p><a href=\"https:\/\/alabordage.fr\/blog\/wp-content\/uploads\/2013\/11\/imagesalon.png\"><img loading=\"lazy\" decoding=\"async\" class=\"alignright wp-image-46 size-full\" src=\"https:\/\/alabordage.fr\/blog\/wp-content\/uploads\/2013\/11\/imagesalon.png\" alt=\"nautic Paris\" width=\"300\" height=\"450\" srcset=\"https:\/\/www.alabordage.fr\/blog\/wp-content\/uploads\/2013\/11\/imagesalon.png 300w, https:\/\/www.alabordage.fr\/blog\/wp-content\/uploads\/2013\/11\/imagesalon-200x300.png 200w\" sizes=\"auto, (max-width: 300px) 100vw, 300px\" \/><\/a><\/p>\n<p>Vous retrouverez comme chaque ann\u00e9e trois salles diff\u00e9rentes, le hall voile et tourisme, le hall motonautisme et le hall \u00e9quipement.<\/p>\n<p><strong>A l\u2019Abordage<\/strong> sera pr\u00e9sent sur le salon comme chaque ann\u00e9e depuis 9 ans. Vous pourrez nous rencontrer dans le hall 2.1 au num\u00e9ro B39, n&rsquo;h\u00e9sitez pas \u00e0 venir nous voir.<\/p>\n<p style=\"text-align: left;\">Si vous voulez repartir avec une commande sur le salon et ainsi \u00e9viter les frais de port, pensez \u00e0 passer commande sur notre\u00a0<a title=\"boutique en ligne\" href=\"https:\/\/www.alabordage.fr\/fr\/\" target=\"_blank\" rel=\"noopener noreferrer\">boutique en ligne<\/a>\u00a0ou \u00e0 nous appeler au 05 46 52 04 25.<\/p>\n<p style=\"text-align: left;\">Pour plus de renseignement sur le salon rendez-vous sur <a title=\"le site du salon nautic\" href=\"http:\/\/www.salonnautiqueparis.com\/\">le site du nautic<\/a>.<\/p>\n","protected":false},"excerpt":{"rendered":"<p>Apr\u00e8s le grand Pavois de La Rochelle puis le mille Sabords du Crouesty, c\u2019est le salon Nautic de Paris qui va ouvrir ses portes du 7 au 15 d\u00e9cembre 2013. Situ\u00e9 au parc des expositions, au niveau de la porte de Versailles, celui-ci rassemblera cette ann\u00e9e pr\u00e8s de 810 exposants. Premier salon nautique au monde &hellip; <\/p>\n","protected":false},"author":1,"featured_media":77,"comment_status":"open","ping_status":"open","sticky":false,"template":"","format":"standard","meta":{"footnotes":""},"categories":[3],"tags":[],"class_list":["post-37","post","type-post","status-publish","format-standard","has-post-thumbnail","hentry","category-agenda-nautique"],"yoast_head":"<!-- This site is optimized with the Yoast SEO plugin v26.4 - https:\/\/yoast.com\/wordpress\/plugins\/seo\/ -->\n<title>A l&#039;abordage au salon nautic de Paris<\/title>\n<meta name=\"description\" content=\"Apr\u00e8s le grand Pavois de La Rochelle puis le mille Sabords du Crouesty, c\u2019est le salon Nautic de Paris qui va ouvrir ses portes du 7 au 15 d\u00e9cembre.\" \/>\n<meta name=\"robots\" content=\"index, follow, max-snippet:-1, max-image-preview:large, max-video-preview:-1\" \/>\n<link rel=\"canonical\" href=\"https:\/\/www.alabordage.fr\/blog\/le-nautic-de-paris-levenement-incontournable-de-chaque-fin-dannee\/\" \/>\n<meta property=\"og:locale\" content=\"fr_FR\" \/>\n<meta property=\"og:type\" content=\"article\" \/>\n<meta property=\"og:title\" content=\"A l&#039;abordage au salon nautic de Paris\" \/>\n<meta property=\"og:description\" content=\"Apr\u00e8s le grand Pavois de La Rochelle puis le mille Sabords du Crouesty, c\u2019est le salon Nautic de Paris qui va ouvrir ses portes du 7 au 15 d\u00e9cembre.\" \/>\n<meta property=\"og:url\" content=\"https:\/\/www.alabordage.fr\/blog\/le-nautic-de-paris-levenement-incontournable-de-chaque-fin-dannee\/\" \/>\n<meta property=\"og:site_name\" content=\"A l&#039;Abordage\" \/>\n<meta property=\"article:publisher\" content=\"https:\/\/www.facebook.com\/www.alabordage.fr\/\" \/>\n<meta property=\"article:author\" content=\"https:\/\/fr-fr.facebook.com\/www.alabordage.fr\/\" \/>\n<meta property=\"article:published_time\" content=\"2013-11-05T14:02:53+00:00\" \/>\n<meta property=\"article:modified_time\" content=\"2023-04-19T07:04:12+00:00\" \/>\n<meta property=\"og:image\" content=\"https:\/\/www.alabordage.fr\/blog\/wp-content\/uploads\/2013\/11\/logo_Nautic.png\" \/>\n\t<meta property=\"og:image:width\" content=\"231\" \/>\n\t<meta property=\"og:image:height\" content=\"126\" \/>\n\t<meta property=\"og:image:type\" content=\"image\/png\" \/>\n<meta name=\"author\" content=\"Administrateur\" \/>\n<meta name=\"twitter:label1\" content=\"\u00c9crit par\" \/>\n\t<meta name=\"twitter:data1\" content=\"Administrateur\" \/>\n\t<meta name=\"twitter:label2\" content=\"Dur\u00e9e de lecture estim\u00e9e\" \/>\n\t<meta name=\"twitter:data2\" content=\"2 minutes\" \/>\n<script type=\"application\/ld+json\" class=\"yoast-schema-graph\">{\"@context\":\"https:\/\/schema.org\",\"@graph\":[{\"@type\":\"Article\",\"@id\":\"https:\/\/www.alabordage.fr\/blog\/le-nautic-de-paris-levenement-incontournable-de-chaque-fin-dannee\/#article\",\"isPartOf\":{\"@id\":\"https:\/\/www.alabordage.fr\/blog\/le-nautic-de-paris-levenement-incontournable-de-chaque-fin-dannee\/\"},\"author\":{\"name\":\"Administrateur\",\"@id\":\"https:\/\/www.alabordage.fr\/blog\/#\/schema\/person\/63f0c116690a89522abe4ddf18580353\"},\"headline\":\"Le Nautic de Paris, un \u00e9v\u00e8nement incontournable\",\"datePublished\":\"2013-11-05T14:02:53+00:00\",\"dateModified\":\"2023-04-19T07:04:12+00:00\",\"mainEntityOfPage\":{\"@id\":\"https:\/\/www.alabordage.fr\/blog\/le-nautic-de-paris-levenement-incontournable-de-chaque-fin-dannee\/\"},\"wordCount\":198,\"commentCount\":0,\"publisher\":{\"@id\":\"https:\/\/www.alabordage.fr\/blog\/#organization\"},\"image\":{\"@id\":\"https:\/\/www.alabordage.fr\/blog\/le-nautic-de-paris-levenement-incontournable-de-chaque-fin-dannee\/#primaryimage\"},\"thumbnailUrl\":\"https:\/\/www.alabordage.fr\/blog\/wp-content\/uploads\/2013\/11\/logo_Nautic.png\",\"articleSection\":[\"Agenda\"],\"inLanguage\":\"fr-FR\",\"potentialAction\":[{\"@type\":\"CommentAction\",\"name\":\"Comment\",\"target\":[\"https:\/\/www.alabordage.fr\/blog\/le-nautic-de-paris-levenement-incontournable-de-chaque-fin-dannee\/#respond\"]}]},{\"@type\":\"WebPage\",\"@id\":\"https:\/\/www.alabordage.fr\/blog\/le-nautic-de-paris-levenement-incontournable-de-chaque-fin-dannee\/\",\"url\":\"https:\/\/www.alabordage.fr\/blog\/le-nautic-de-paris-levenement-incontournable-de-chaque-fin-dannee\/\",\"name\":\"A l'abordage au salon nautic de Paris\",\"isPartOf\":{\"@id\":\"https:\/\/www.alabordage.fr\/blog\/#website\"},\"primaryImageOfPage\":{\"@id\":\"https:\/\/www.alabordage.fr\/blog\/le-nautic-de-paris-levenement-incontournable-de-chaque-fin-dannee\/#primaryimage\"},\"image\":{\"@id\":\"https:\/\/www.alabordage.fr\/blog\/le-nautic-de-paris-levenement-incontournable-de-chaque-fin-dannee\/#primaryimage\"},\"thumbnailUrl\":\"https:\/\/www.alabordage.fr\/blog\/wp-content\/uploads\/2013\/11\/logo_Nautic.png\",\"datePublished\":\"2013-11-05T14:02:53+00:00\",\"dateModified\":\"2023-04-19T07:04:12+00:00\",\"description\":\"Apr\u00e8s le grand Pavois de La Rochelle puis le mille Sabords du Crouesty, c\u2019est le salon Nautic de Paris qui va ouvrir ses portes du 7 au 15 d\u00e9cembre.\",\"breadcrumb\":{\"@id\":\"https:\/\/www.alabordage.fr\/blog\/le-nautic-de-paris-levenement-incontournable-de-chaque-fin-dannee\/#breadcrumb\"},\"inLanguage\":\"fr-FR\",\"potentialAction\":[{\"@type\":\"ReadAction\",\"target\":[\"https:\/\/www.alabordage.fr\/blog\/le-nautic-de-paris-levenement-incontournable-de-chaque-fin-dannee\/\"]}]},{\"@type\":\"ImageObject\",\"inLanguage\":\"fr-FR\",\"@id\":\"https:\/\/www.alabordage.fr\/blog\/le-nautic-de-paris-levenement-incontournable-de-chaque-fin-dannee\/#primaryimage\",\"url\":\"https:\/\/www.alabordage.fr\/blog\/wp-content\/uploads\/2013\/11\/logo_Nautic.png\",\"contentUrl\":\"https:\/\/www.alabordage.fr\/blog\/wp-content\/uploads\/2013\/11\/logo_Nautic.png\",\"width\":231,\"height\":126},{\"@type\":\"BreadcrumbList\",\"@id\":\"https:\/\/www.alabordage.fr\/blog\/le-nautic-de-paris-levenement-incontournable-de-chaque-fin-dannee\/#breadcrumb\",\"itemListElement\":[{\"@type\":\"ListItem\",\"position\":1,\"name\":\"Accueil\",\"item\":\"https:\/\/www.alabordage.fr\/blog\/\"},{\"@type\":\"ListItem\",\"position\":2,\"name\":\"Le Nautic de Paris, un \u00e9v\u00e8nement incontournable\"}]},{\"@type\":\"WebSite\",\"@id\":\"https:\/\/www.alabordage.fr\/blog\/#website\",\"url\":\"https:\/\/www.alabordage.fr\/blog\/\",\"name\":\"A l&#039;Abordage\",\"description\":\"L&#039;actualit\u00e9 nautique de votre shipchandler de tradition bois\",\"publisher\":{\"@id\":\"https:\/\/www.alabordage.fr\/blog\/#organization\"},\"potentialAction\":[{\"@type\":\"SearchAction\",\"target\":{\"@type\":\"EntryPoint\",\"urlTemplate\":\"https:\/\/www.alabordage.fr\/blog\/?s={search_term_string}\"},\"query-input\":{\"@type\":\"PropertyValueSpecification\",\"valueRequired\":true,\"valueName\":\"search_term_string\"}}],\"inLanguage\":\"fr-FR\"},{\"@type\":\"Organization\",\"@id\":\"https:\/\/www.alabordage.fr\/blog\/#organization\",\"name\":\"A l'Abordage\",\"url\":\"https:\/\/www.alabordage.fr\/blog\/\",\"logo\":{\"@type\":\"ImageObject\",\"inLanguage\":\"fr-FR\",\"@id\":\"https:\/\/www.alabordage.fr\/blog\/#\/schema\/logo\/image\/\",\"url\":\"https:\/\/www.alabordage.fr\/blog\/wp-content\/uploads\/2014\/03\/A-labordage2.png\",\"contentUrl\":\"https:\/\/www.alabordage.fr\/blog\/wp-content\/uploads\/2014\/03\/A-labordage2.png\",\"width\":286,\"height\":70,\"caption\":\"A l'Abordage\"},\"image\":{\"@id\":\"https:\/\/www.alabordage.fr\/blog\/#\/schema\/logo\/image\/\"},\"sameAs\":[\"https:\/\/www.facebook.com\/www.alabordage.fr\/\"]},{\"@type\":\"Person\",\"@id\":\"https:\/\/www.alabordage.fr\/blog\/#\/schema\/person\/63f0c116690a89522abe4ddf18580353\",\"name\":\"Administrateur\",\"image\":{\"@type\":\"ImageObject\",\"inLanguage\":\"fr-FR\",\"@id\":\"https:\/\/www.alabordage.fr\/blog\/#\/schema\/person\/image\/\",\"url\":\"https:\/\/secure.gravatar.com\/avatar\/fc07401743e0ef4f128b8e12e206ff120eb20221bafe9d7463892f757bba61e4?s=96&d=mm&r=g\",\"contentUrl\":\"https:\/\/secure.gravatar.com\/avatar\/fc07401743e0ef4f128b8e12e206ff120eb20221bafe9d7463892f757bba61e4?s=96&d=mm&r=g\",\"caption\":\"Administrateur\"},\"sameAs\":[\"http:\/\/www.alabordage.fr\",\"https:\/\/fr-fr.facebook.com\/www.alabordage.fr\/\"]}]}<\/script>\n<!-- \/ Yoast SEO plugin. -->","yoast_head_json":{"title":"A l'abordage au salon nautic de Paris","description":"Apr\u00e8s le grand Pavois de La Rochelle puis le mille Sabords du Crouesty, c\u2019est le salon Nautic de Paris qui va ouvrir ses portes du 7 au 15 d\u00e9cembre.","robots":{"index":"index","follow":"follow","max-snippet":"max-snippet:-1","max-image-preview":"max-image-preview:large","max-video-preview":"max-video-preview:-1"},"canonical":"https:\/\/www.alabordage.fr\/blog\/le-nautic-de-paris-levenement-incontournable-de-chaque-fin-dannee\/","og_locale":"fr_FR","og_type":"article","og_title":"A l'abordage au salon nautic de Paris","og_description":"Apr\u00e8s le grand Pavois de La Rochelle puis le mille Sabords du Crouesty, c\u2019est le salon Nautic de Paris qui va ouvrir ses portes du 7 au 15 d\u00e9cembre.","og_url":"https:\/\/www.alabordage.fr\/blog\/le-nautic-de-paris-levenement-incontournable-de-chaque-fin-dannee\/","og_site_name":"A l&#039;Abordage","article_publisher":"https:\/\/www.facebook.com\/www.alabordage.fr\/","article_author":"https:\/\/fr-fr.facebook.com\/www.alabordage.fr\/","article_published_time":"2013-11-05T14:02:53+00:00","article_modified_time":"2023-04-19T07:04:12+00:00","og_image":[{"width":231,"height":126,"url":"https:\/\/www.alabordage.fr\/blog\/wp-content\/uploads\/2013\/11\/logo_Nautic.png","type":"image\/png"}],"author":"Administrateur","twitter_misc":{"\u00c9crit par":"Administrateur","Dur\u00e9e de lecture estim\u00e9e":"2 minutes"},"schema":{"@context":"https:\/\/schema.org","@graph":[{"@type":"Article","@id":"https:\/\/www.alabordage.fr\/blog\/le-nautic-de-paris-levenement-incontournable-de-chaque-fin-dannee\/#article","isPartOf":{"@id":"https:\/\/www.alabordage.fr\/blog\/le-nautic-de-paris-levenement-incontournable-de-chaque-fin-dannee\/"},"author":{"name":"Administrateur","@id":"https:\/\/www.alabordage.fr\/blog\/#\/schema\/person\/63f0c116690a89522abe4ddf18580353"},"headline":"Le Nautic de Paris, un \u00e9v\u00e8nement incontournable","datePublished":"2013-11-05T14:02:53+00:00","dateModified":"2023-04-19T07:04:12+00:00","mainEntityOfPage":{"@id":"https:\/\/www.alabordage.fr\/blog\/le-nautic-de-paris-levenement-incontournable-de-chaque-fin-dannee\/"},"wordCount":198,"commentCount":0,"publisher":{"@id":"https:\/\/www.alabordage.fr\/blog\/#organization"},"image":{"@id":"https:\/\/www.alabordage.fr\/blog\/le-nautic-de-paris-levenement-incontournable-de-chaque-fin-dannee\/#primaryimage"},"thumbnailUrl":"https:\/\/www.alabordage.fr\/blog\/wp-content\/uploads\/2013\/11\/logo_Nautic.png","articleSection":["Agenda"],"inLanguage":"fr-FR","potentialAction":[{"@type":"CommentAction","name":"Comment","target":["https:\/\/www.alabordage.fr\/blog\/le-nautic-de-paris-levenement-incontournable-de-chaque-fin-dannee\/#respond"]}]},{"@type":"WebPage","@id":"https:\/\/www.alabordage.fr\/blog\/le-nautic-de-paris-levenement-incontournable-de-chaque-fin-dannee\/","url":"https:\/\/www.alabordage.fr\/blog\/le-nautic-de-paris-levenement-incontournable-de-chaque-fin-dannee\/","name":"A l'abordage au salon nautic de Paris","isPartOf":{"@id":"https:\/\/www.alabordage.fr\/blog\/#website"},"primaryImageOfPage":{"@id":"https:\/\/www.alabordage.fr\/blog\/le-nautic-de-paris-levenement-incontournable-de-chaque-fin-dannee\/#primaryimage"},"image":{"@id":"https:\/\/www.alabordage.fr\/blog\/le-nautic-de-paris-levenement-incontournable-de-chaque-fin-dannee\/#primaryimage"},"thumbnailUrl":"https:\/\/www.alabordage.fr\/blog\/wp-content\/uploads\/2013\/11\/logo_Nautic.png","datePublished":"2013-11-05T14:02:53+00:00","dateModified":"2023-04-19T07:04:12+00:00","description":"Apr\u00e8s le grand Pavois de La Rochelle puis le mille Sabords du Crouesty, c\u2019est le salon Nautic de Paris qui va ouvrir ses portes du 7 au 15 d\u00e9cembre.","breadcrumb":{"@id":"https:\/\/www.alabordage.fr\/blog\/le-nautic-de-paris-levenement-incontournable-de-chaque-fin-dannee\/#breadcrumb"},"inLanguage":"fr-FR","potentialAction":[{"@type":"ReadAction","target":["https:\/\/www.alabordage.fr\/blog\/le-nautic-de-paris-levenement-incontournable-de-chaque-fin-dannee\/"]}]},{"@type":"ImageObject","inLanguage":"fr-FR","@id":"https:\/\/www.alabordage.fr\/blog\/le-nautic-de-paris-levenement-incontournable-de-chaque-fin-dannee\/#primaryimage","url":"https:\/\/www.alabordage.fr\/blog\/wp-content\/uploads\/2013\/11\/logo_Nautic.png","contentUrl":"https:\/\/www.alabordage.fr\/blog\/wp-content\/uploads\/2013\/11\/logo_Nautic.png","width":231,"height":126},{"@type":"BreadcrumbList","@id":"https:\/\/www.alabordage.fr\/blog\/le-nautic-de-paris-levenement-incontournable-de-chaque-fin-dannee\/#breadcrumb","itemListElement":[{"@type":"ListItem","position":1,"name":"Accueil","item":"https:\/\/www.alabordage.fr\/blog\/"},{"@type":"ListItem","position":2,"name":"Le Nautic de Paris, un \u00e9v\u00e8nement incontournable"}]},{"@type":"WebSite","@id":"https:\/\/www.alabordage.fr\/blog\/#website","url":"https:\/\/www.alabordage.fr\/blog\/","name":"A l&#039;Abordage","description":"L&#039;actualit\u00e9 nautique de votre shipchandler de tradition bois","publisher":{"@id":"https:\/\/www.alabordage.fr\/blog\/#organization"},"potentialAction":[{"@type":"SearchAction","target":{"@type":"EntryPoint","urlTemplate":"https:\/\/www.alabordage.fr\/blog\/?s={search_term_string}"},"query-input":{"@type":"PropertyValueSpecification","valueRequired":true,"valueName":"search_term_string"}}],"inLanguage":"fr-FR"},{"@type":"Organization","@id":"https:\/\/www.alabordage.fr\/blog\/#organization","name":"A l'Abordage","url":"https:\/\/www.alabordage.fr\/blog\/","logo":{"@type":"ImageObject","inLanguage":"fr-FR","@id":"https:\/\/www.alabordage.fr\/blog\/#\/schema\/logo\/image\/","url":"https:\/\/www.alabordage.fr\/blog\/wp-content\/uploads\/2014\/03\/A-labordage2.png","contentUrl":"https:\/\/www.alabordage.fr\/blog\/wp-content\/uploads\/2014\/03\/A-labordage2.png","width":286,"height":70,"caption":"A l'Abordage"},"image":{"@id":"https:\/\/www.alabordage.fr\/blog\/#\/schema\/logo\/image\/"},"sameAs":["https:\/\/www.facebook.com\/www.alabordage.fr\/"]},{"@type":"Person","@id":"https:\/\/www.alabordage.fr\/blog\/#\/schema\/person\/63f0c116690a89522abe4ddf18580353","name":"Administrateur","image":{"@type":"ImageObject","inLanguage":"fr-FR","@id":"https:\/\/www.alabordage.fr\/blog\/#\/schema\/person\/image\/","url":"https:\/\/secure.gravatar.com\/avatar\/fc07401743e0ef4f128b8e12e206ff120eb20221bafe9d7463892f757bba61e4?s=96&d=mm&r=g","contentUrl":"https:\/\/secure.gravatar.com\/avatar\/fc07401743e0ef4f128b8e12e206ff120eb20221bafe9d7463892f757bba61e4?s=96&d=mm&r=g","caption":"Administrateur"},"sameAs":["http:\/\/www.alabordage.fr","https:\/\/fr-fr.facebook.com\/www.alabordage.fr\/"]}]}},"_links":{"self":[{"href":"https:\/\/www.alabordage.fr\/blog\/wp-json\/wp\/v2\/posts\/37","targetHints":{"allow":["GET"]}}],"collection":[{"href":"https:\/\/www.alabordage.fr\/blog\/wp-json\/wp\/v2\/posts"}],"about":[{"href":"https:\/\/www.alabordage.fr\/blog\/wp-json\/wp\/v2\/types\/post"}],"author":[{"embeddable":true,"href":"https:\/\/www.alabordage.fr\/blog\/wp-json\/wp\/v2\/users\/1"}],"replies":[{"embeddable":true,"href":"https:\/\/www.alabordage.fr\/blog\/wp-json\/wp\/v2\/comments?post=37"}],"version-history":[{"count":8,"href":"https:\/\/www.alabordage.fr\/blog\/wp-json\/wp\/v2\/posts\/37\/revisions"}],"predecessor-version":[{"id":1329,"href":"https:\/\/www.alabordage.fr\/blog\/wp-json\/wp\/v2\/posts\/37\/revisions\/1329"}],"wp:featuredmedia":[{"embeddable":true,"href":"https:\/\/www.alabordage.fr\/blog\/wp-json\/wp\/v2\/media\/77"}],"wp:attachment":[{"href":"https:\/\/www.alabordage.fr\/blog\/wp-json\/wp\/v2\/media?parent=37"}],"wp:term":[{"taxonomy":"category","embeddable":true,"href":"https:\/\/www.alabordage.fr\/blog\/wp-json\/wp\/v2\/categories?post=37"},{"taxonomy":"post_tag","embeddable":true,"href":"https:\/\/www.alabordage.fr\/blog\/wp-json\/wp\/v2\/tags?post=37"}],"curies":[{"name":"wp","href":"https:\/\/api.w.org\/{rel}","templated":true}]}}