{"id":370,"date":"2014-09-08T11:17:19","date_gmt":"2014-09-08T10:17:19","guid":{"rendered":"http:\/\/shop.alabordage.fr\/blog\/?p=370"},"modified":"2023-04-19T08:06:07","modified_gmt":"2023-04-19T07:06:07","slug":"rentree-nautique-grand-pavois","status":"publish","type":"post","link":"https:\/\/www.alabordage.fr\/blog\/rentree-nautique-grand-pavois\/","title":{"rendered":"Rentr\u00e9e nautique asiatique : rendez-vous au Grand Pavois !"},"content":{"rendered":"<p style=\"text-align: center;\"><strong>Pour tous les passionn\u00e9s de nautisme, cette rentr\u00e9e 2014 est \u00e0 nouveau synonyme de \u00ab\u00a0Grand Pavois\u00a0\u00bb. Ce salon international \u00e0 flot, embl\u00e9matique de la ville de La Rochelle, a \u00e9t\u00e9 cr\u00e9\u00e9 en 1973. 700 exposants venus de 35 pays sont attendus sur les 100 000 m\u00b2 d\u2019espace d\u2019exposition du port des Minimes, dont 300 bateaux pr\u00e9sent\u00e9s \u00e0 flot.<\/strong><\/p>\n<p style=\"text-align: center;\"><img loading=\"lazy\" decoding=\"async\" class=\"aligncenter wp-image-373 \" src=\"https:\/\/alabordage.fr\/blog\/wp-content\/uploads\/2014\/09\/grand_pavois_JM.Rieupeyrout.jpg\" alt=\"vue du port des Minimes pour le grand pavois\" width=\"527\" height=\"334\" srcset=\"https:\/\/www.alabordage.fr\/blog\/wp-content\/uploads\/2014\/09\/grand_pavois_JM.Rieupeyrout.jpg 1024w, https:\/\/www.alabordage.fr\/blog\/wp-content\/uploads\/2014\/09\/grand_pavois_JM.Rieupeyrout-126x79.jpg 126w, https:\/\/www.alabordage.fr\/blog\/wp-content\/uploads\/2014\/09\/grand_pavois_JM.Rieupeyrout-704x446.jpg 704w\" sizes=\"auto, (max-width: 527px) 100vw, 527px\" \/><\/p>\n<p>Cette 41<sup>\u00e8me<\/sup> \u00e9dition qui se d\u00e9roulera <strong>du 17 au 22 septembre 2014 de 10h \u00e0 19h<\/strong>, \u00e0 choisi de mettre \u00e0 l\u2019honneur La Chine et plus particuli\u00e8rement la ville de Dalian, dans la province du Liaoning. Le port de Dalian, troisi\u00e8me de Chine, a vu une culture nautique se d\u00e9velopper\u00a0ces derni\u00e8res ann\u00e9es : les chinois appr\u00e9cient de plus en plus naviguer.\u00a0Le d\u00e9partement de la Charente-Maritime, a saisi cette opportunit\u00e9 pour pousser les enteprises nautiques fran\u00e7aise vers ce nouveau march\u00e9 en lan\u00e7ant une plate-forme de coop\u00e9ration. Une \u00e9cole de voile\u00a0\u00ab\u00a0Made in France\u00a0\u00bb\u00a0a \u00e9galement vu le jour.<\/p>\n<p style=\"text-align: center;\"><em>Une semaine de d\u00e9paysement garantie\u00a0!<\/em><\/p>\n<p>Nouveaut\u00e9s \u00e9galement cette ann\u00e9e, le Grand Pavois accueillera deux parrains prestigieux\u00a0: <strong>Antoine Albeau<\/strong>, 21\u00a0 fois champion de windsurf, et <strong>Fran\u00e7ois Gabart<\/strong>, skippeur professionnel et vainqueur du Vend\u00e9e Globe. Et pour la premi\u00e8re fois, un espace sp\u00e9cifique \u00ab Multicoques \u00bb avec deux pontons sera am\u00e9nag\u00e9 et un espace Eco-Navigation o\u00f9 seront pr\u00e9sent\u00e9es les innovations du secteur tourn\u00e9es vers le d\u00e9veloppement durable.<\/p>\n<p>Et comme chaque ann\u00e9e depuis plus de 20 ans, <strong>A l\u2019Abordage<\/strong> sera au rendez-vous de cet \u00e9v\u00e9nement et de ce lieu d\u2019\u00e9change exceptionnel. Nous vous invitons, nombreux \u00e0 venir nous rendre visite sur notre stand num\u00e9ro <strong>D02<\/strong>, \u00e0 l\u2019entr\u00e9e de l\u2019\u00a0\u00ab\u00a0<strong>Village\u00a0Bois<\/strong>\u00a0\u00bb. Cette semaine de d\u00e9couverte nautique est \u00e9galement l\u2019occasion pour vous de <strong>passer commande<\/strong> aupr\u00e8s de notre boutique et ainsi r\u00e9cup\u00e9rer vos produits sur place. Alors n\u2019h\u00e9sitez pas \u00e0 nous contacter d\u00e8s \u00e0 pr\u00e9sent par t\u00e9l\u00e9phone au 05.46.52.04.25, ou par mail \u00e0 <a href=\"mailto:contact@alabordage.fr\">contact@alabordage.fr<\/a>.<\/p>\n<p>Vous pouvez commander votre entr\u00e9e d\u00e8s \u00e0 pr\u00e9sent sur le <a title=\"billetterie Grand Pavois\" href=\"http:\/\/billetterie.anixy.com\/PAGE_Tarif.awp?P1=LE_GRAND_PAVOIS_2014&amp;P2=nuNFPw&amp;P3=1&amp;AWPIDEBE8FDD2=6FD7F19DBE02FDD94BC2BB536620EB52680497CC\" target=\"_blank\" rel=\"noopener noreferrer\">site du Grand Pavois<\/a>, et ainsi b\u00e9n\u00e9ficier d\u2019un tarif internet pr\u00e9f\u00e9rentiel.<\/p>\n<p>Bonne visite \u00e0 tous.<\/p>\n<p><img loading=\"lazy\" decoding=\"async\" class=\"aligncenter wp-image-372 \" src=\"https:\/\/alabordage.fr\/blog\/wp-content\/uploads\/2014\/09\/PLAN-VILLAGE-BOIS-826x1024.jpg\" alt=\"plan des stands du grand pavois 2014\" width=\"440\" height=\"546\" srcset=\"https:\/\/www.alabordage.fr\/blog\/wp-content\/uploads\/2014\/09\/PLAN-VILLAGE-BOIS-826x1024.jpg 826w, https:\/\/www.alabordage.fr\/blog\/wp-content\/uploads\/2014\/09\/PLAN-VILLAGE-BOIS-101x126.jpg 101w\" sizes=\"auto, (max-width: 440px) 100vw, 440px\" \/><\/p>\n","protected":false},"excerpt":{"rendered":"<p>Pour tous les passionn\u00e9s de nautisme, cette rentr\u00e9e 2014 est \u00e0 nouveau synonyme de \u00ab\u00a0Grand Pavois\u00a0\u00bb. Ce salon international \u00e0 flot, embl\u00e9matique de la ville de La Rochelle, a \u00e9t\u00e9 cr\u00e9\u00e9 en 1973. 700 exposants venus de 35 pays sont attendus sur les 100 000 m\u00b2 d\u2019espace d\u2019exposition du port des Minimes, dont 300 bateaux &hellip; <\/p>\n","protected":false},"author":1,"featured_media":373,"comment_status":"open","ping_status":"open","sticky":false,"template":"","format":"standard","meta":{"footnotes":""},"categories":[3],"tags":[17,18,10,16,14,19,15],"class_list":["post-370","post","type-post","status-publish","format-standard","has-post-thumbnail","hentry","category-agenda-nautique","tag-a-labordage","tag-accastillage","tag-bateau","tag-la-rochelle","tag-nautisme","tag-quincaillerie","tag-salon-professionnel"],"yoast_head":"<!-- This site is optimized with the Yoast SEO plugin v26.4 - https:\/\/yoast.com\/wordpress\/plugins\/seo\/ -->\n<title>Rentr\u00e9e nautique : RDV au Grand Pavois - A l&#039;Abordage<\/title>\n<meta name=\"description\" content=\"RDV du 17 au 22 septembre 2014 pour le Grand Pavois, le salon nautique international qui se d\u00e9roule chaque ann\u00e9e dans le port des Minimes de La Rochelle.\" \/>\n<meta name=\"robots\" content=\"index, follow, max-snippet:-1, max-image-preview:large, max-video-preview:-1\" \/>\n<link rel=\"canonical\" href=\"https:\/\/www.alabordage.fr\/blog\/rentree-nautique-grand-pavois\/\" \/>\n<meta property=\"og:locale\" content=\"fr_FR\" \/>\n<meta property=\"og:type\" content=\"article\" \/>\n<meta property=\"og:title\" content=\"Rentr\u00e9e nautique : RDV au Grand Pavois - A l&#039;Abordage\" \/>\n<meta property=\"og:description\" content=\"RDV du 17 au 22 septembre 2014 pour le Grand Pavois, le salon nautique international qui se d\u00e9roule chaque ann\u00e9e dans le port des Minimes de La Rochelle.\" \/>\n<meta property=\"og:url\" content=\"https:\/\/www.alabordage.fr\/blog\/rentree-nautique-grand-pavois\/\" \/>\n<meta property=\"og:site_name\" content=\"A l&#039;Abordage\" \/>\n<meta property=\"article:publisher\" content=\"https:\/\/www.facebook.com\/www.alabordage.fr\/\" \/>\n<meta property=\"article:author\" content=\"https:\/\/fr-fr.facebook.com\/www.alabordage.fr\/\" \/>\n<meta property=\"article:published_time\" content=\"2014-09-08T10:17:19+00:00\" \/>\n<meta property=\"article:modified_time\" content=\"2023-04-19T07:06:07+00:00\" \/>\n<meta property=\"og:image\" content=\"https:\/\/www.alabordage.fr\/blog\/wp-content\/uploads\/2014\/09\/grand_pavois_JM.Rieupeyrout.jpg\" \/>\n\t<meta property=\"og:image:width\" content=\"1024\" \/>\n\t<meta property=\"og:image:height\" content=\"649\" \/>\n\t<meta property=\"og:image:type\" content=\"image\/jpeg\" \/>\n<meta name=\"author\" content=\"Administrateur\" \/>\n<meta name=\"twitter:label1\" content=\"\u00c9crit par\" \/>\n\t<meta name=\"twitter:data1\" content=\"Administrateur\" \/>\n\t<meta name=\"twitter:label2\" content=\"Dur\u00e9e de lecture estim\u00e9e\" \/>\n\t<meta name=\"twitter:data2\" content=\"3 minutes\" \/>\n<script type=\"application\/ld+json\" class=\"yoast-schema-graph\">{\"@context\":\"https:\/\/schema.org\",\"@graph\":[{\"@type\":\"Article\",\"@id\":\"https:\/\/www.alabordage.fr\/blog\/rentree-nautique-grand-pavois\/#article\",\"isPartOf\":{\"@id\":\"https:\/\/www.alabordage.fr\/blog\/rentree-nautique-grand-pavois\/\"},\"author\":{\"name\":\"Administrateur\",\"@id\":\"https:\/\/www.alabordage.fr\/blog\/#\/schema\/person\/63f0c116690a89522abe4ddf18580353\"},\"headline\":\"Rentr\u00e9e nautique asiatique : rendez-vous au Grand Pavois !\",\"datePublished\":\"2014-09-08T10:17:19+00:00\",\"dateModified\":\"2023-04-19T07:06:07+00:00\",\"mainEntityOfPage\":{\"@id\":\"https:\/\/www.alabordage.fr\/blog\/rentree-nautique-grand-pavois\/\"},\"wordCount\":370,\"commentCount\":1,\"publisher\":{\"@id\":\"https:\/\/www.alabordage.fr\/blog\/#organization\"},\"image\":{\"@id\":\"https:\/\/www.alabordage.fr\/blog\/rentree-nautique-grand-pavois\/#primaryimage\"},\"thumbnailUrl\":\"https:\/\/www.alabordage.fr\/blog\/wp-content\/uploads\/2014\/09\/grand_pavois_JM.Rieupeyrout.jpg\",\"keywords\":[\"A l'Abordage\",\"accastillage\",\"bateau\",\"La Rochelle\",\"nautisme\",\"quincaillerie\",\"salon professionnel\"],\"articleSection\":[\"Agenda\"],\"inLanguage\":\"fr-FR\",\"potentialAction\":[{\"@type\":\"CommentAction\",\"name\":\"Comment\",\"target\":[\"https:\/\/www.alabordage.fr\/blog\/rentree-nautique-grand-pavois\/#respond\"]}]},{\"@type\":\"WebPage\",\"@id\":\"https:\/\/www.alabordage.fr\/blog\/rentree-nautique-grand-pavois\/\",\"url\":\"https:\/\/www.alabordage.fr\/blog\/rentree-nautique-grand-pavois\/\",\"name\":\"Rentr\u00e9e nautique : RDV au Grand Pavois - A l'Abordage\",\"isPartOf\":{\"@id\":\"https:\/\/www.alabordage.fr\/blog\/#website\"},\"primaryImageOfPage\":{\"@id\":\"https:\/\/www.alabordage.fr\/blog\/rentree-nautique-grand-pavois\/#primaryimage\"},\"image\":{\"@id\":\"https:\/\/www.alabordage.fr\/blog\/rentree-nautique-grand-pavois\/#primaryimage\"},\"thumbnailUrl\":\"https:\/\/www.alabordage.fr\/blog\/wp-content\/uploads\/2014\/09\/grand_pavois_JM.Rieupeyrout.jpg\",\"datePublished\":\"2014-09-08T10:17:19+00:00\",\"dateModified\":\"2023-04-19T07:06:07+00:00\",\"description\":\"RDV du 17 au 22 septembre 2014 pour le Grand Pavois, le salon nautique international qui se d\u00e9roule chaque ann\u00e9e dans le port des Minimes de La Rochelle.\",\"breadcrumb\":{\"@id\":\"https:\/\/www.alabordage.fr\/blog\/rentree-nautique-grand-pavois\/#breadcrumb\"},\"inLanguage\":\"fr-FR\",\"potentialAction\":[{\"@type\":\"ReadAction\",\"target\":[\"https:\/\/www.alabordage.fr\/blog\/rentree-nautique-grand-pavois\/\"]}]},{\"@type\":\"ImageObject\",\"inLanguage\":\"fr-FR\",\"@id\":\"https:\/\/www.alabordage.fr\/blog\/rentree-nautique-grand-pavois\/#primaryimage\",\"url\":\"https:\/\/www.alabordage.fr\/blog\/wp-content\/uploads\/2014\/09\/grand_pavois_JM.Rieupeyrout.jpg\",\"contentUrl\":\"https:\/\/www.alabordage.fr\/blog\/wp-content\/uploads\/2014\/09\/grand_pavois_JM.Rieupeyrout.jpg\",\"width\":1024,\"height\":649,\"caption\":\"vue du port des Minimes pour le grand pavois\"},{\"@type\":\"BreadcrumbList\",\"@id\":\"https:\/\/www.alabordage.fr\/blog\/rentree-nautique-grand-pavois\/#breadcrumb\",\"itemListElement\":[{\"@type\":\"ListItem\",\"position\":1,\"name\":\"Accueil\",\"item\":\"https:\/\/www.alabordage.fr\/blog\/\"},{\"@type\":\"ListItem\",\"position\":2,\"name\":\"Rentr\u00e9e nautique asiatique : rendez-vous au Grand Pavois !\"}]},{\"@type\":\"WebSite\",\"@id\":\"https:\/\/www.alabordage.fr\/blog\/#website\",\"url\":\"https:\/\/www.alabordage.fr\/blog\/\",\"name\":\"A l&#039;Abordage\",\"description\":\"L&#039;actualit\u00e9 nautique de votre shipchandler de tradition bois\",\"publisher\":{\"@id\":\"https:\/\/www.alabordage.fr\/blog\/#organization\"},\"potentialAction\":[{\"@type\":\"SearchAction\",\"target\":{\"@type\":\"EntryPoint\",\"urlTemplate\":\"https:\/\/www.alabordage.fr\/blog\/?s={search_term_string}\"},\"query-input\":{\"@type\":\"PropertyValueSpecification\",\"valueRequired\":true,\"valueName\":\"search_term_string\"}}],\"inLanguage\":\"fr-FR\"},{\"@type\":\"Organization\",\"@id\":\"https:\/\/www.alabordage.fr\/blog\/#organization\",\"name\":\"A l'Abordage\",\"url\":\"https:\/\/www.alabordage.fr\/blog\/\",\"logo\":{\"@type\":\"ImageObject\",\"inLanguage\":\"fr-FR\",\"@id\":\"https:\/\/www.alabordage.fr\/blog\/#\/schema\/logo\/image\/\",\"url\":\"https:\/\/www.alabordage.fr\/blog\/wp-content\/uploads\/2014\/03\/A-labordage2.png\",\"contentUrl\":\"https:\/\/www.alabordage.fr\/blog\/wp-content\/uploads\/2014\/03\/A-labordage2.png\",\"width\":286,\"height\":70,\"caption\":\"A l'Abordage\"},\"image\":{\"@id\":\"https:\/\/www.alabordage.fr\/blog\/#\/schema\/logo\/image\/\"},\"sameAs\":[\"https:\/\/www.facebook.com\/www.alabordage.fr\/\"]},{\"@type\":\"Person\",\"@id\":\"https:\/\/www.alabordage.fr\/blog\/#\/schema\/person\/63f0c116690a89522abe4ddf18580353\",\"name\":\"Administrateur\",\"image\":{\"@type\":\"ImageObject\",\"inLanguage\":\"fr-FR\",\"@id\":\"https:\/\/www.alabordage.fr\/blog\/#\/schema\/person\/image\/\",\"url\":\"https:\/\/secure.gravatar.com\/avatar\/fc07401743e0ef4f128b8e12e206ff120eb20221bafe9d7463892f757bba61e4?s=96&d=mm&r=g\",\"contentUrl\":\"https:\/\/secure.gravatar.com\/avatar\/fc07401743e0ef4f128b8e12e206ff120eb20221bafe9d7463892f757bba61e4?s=96&d=mm&r=g\",\"caption\":\"Administrateur\"},\"sameAs\":[\"http:\/\/www.alabordage.fr\",\"https:\/\/fr-fr.facebook.com\/www.alabordage.fr\/\"]}]}<\/script>\n<!-- \/ Yoast SEO plugin. -->","yoast_head_json":{"title":"Rentr\u00e9e nautique : RDV au Grand Pavois - A l'Abordage","description":"RDV du 17 au 22 septembre 2014 pour le Grand Pavois, le salon nautique international qui se d\u00e9roule chaque ann\u00e9e dans le port des Minimes de La Rochelle.","robots":{"index":"index","follow":"follow","max-snippet":"max-snippet:-1","max-image-preview":"max-image-preview:large","max-video-preview":"max-video-preview:-1"},"canonical":"https:\/\/www.alabordage.fr\/blog\/rentree-nautique-grand-pavois\/","og_locale":"fr_FR","og_type":"article","og_title":"Rentr\u00e9e nautique : RDV au Grand Pavois - A l'Abordage","og_description":"RDV du 17 au 22 septembre 2014 pour le Grand Pavois, le salon nautique international qui se d\u00e9roule chaque ann\u00e9e dans le port des Minimes de La Rochelle.","og_url":"https:\/\/www.alabordage.fr\/blog\/rentree-nautique-grand-pavois\/","og_site_name":"A l&#039;Abordage","article_publisher":"https:\/\/www.facebook.com\/www.alabordage.fr\/","article_author":"https:\/\/fr-fr.facebook.com\/www.alabordage.fr\/","article_published_time":"2014-09-08T10:17:19+00:00","article_modified_time":"2023-04-19T07:06:07+00:00","og_image":[{"width":1024,"height":649,"url":"https:\/\/www.alabordage.fr\/blog\/wp-content\/uploads\/2014\/09\/grand_pavois_JM.Rieupeyrout.jpg","type":"image\/jpeg"}],"author":"Administrateur","twitter_misc":{"\u00c9crit par":"Administrateur","Dur\u00e9e de lecture estim\u00e9e":"3 minutes"},"schema":{"@context":"https:\/\/schema.org","@graph":[{"@type":"Article","@id":"https:\/\/www.alabordage.fr\/blog\/rentree-nautique-grand-pavois\/#article","isPartOf":{"@id":"https:\/\/www.alabordage.fr\/blog\/rentree-nautique-grand-pavois\/"},"author":{"name":"Administrateur","@id":"https:\/\/www.alabordage.fr\/blog\/#\/schema\/person\/63f0c116690a89522abe4ddf18580353"},"headline":"Rentr\u00e9e nautique asiatique : rendez-vous au Grand Pavois !","datePublished":"2014-09-08T10:17:19+00:00","dateModified":"2023-04-19T07:06:07+00:00","mainEntityOfPage":{"@id":"https:\/\/www.alabordage.fr\/blog\/rentree-nautique-grand-pavois\/"},"wordCount":370,"commentCount":1,"publisher":{"@id":"https:\/\/www.alabordage.fr\/blog\/#organization"},"image":{"@id":"https:\/\/www.alabordage.fr\/blog\/rentree-nautique-grand-pavois\/#primaryimage"},"thumbnailUrl":"https:\/\/www.alabordage.fr\/blog\/wp-content\/uploads\/2014\/09\/grand_pavois_JM.Rieupeyrout.jpg","keywords":["A l'Abordage","accastillage","bateau","La Rochelle","nautisme","quincaillerie","salon professionnel"],"articleSection":["Agenda"],"inLanguage":"fr-FR","potentialAction":[{"@type":"CommentAction","name":"Comment","target":["https:\/\/www.alabordage.fr\/blog\/rentree-nautique-grand-pavois\/#respond"]}]},{"@type":"WebPage","@id":"https:\/\/www.alabordage.fr\/blog\/rentree-nautique-grand-pavois\/","url":"https:\/\/www.alabordage.fr\/blog\/rentree-nautique-grand-pavois\/","name":"Rentr\u00e9e nautique : RDV au Grand Pavois - A l'Abordage","isPartOf":{"@id":"https:\/\/www.alabordage.fr\/blog\/#website"},"primaryImageOfPage":{"@id":"https:\/\/www.alabordage.fr\/blog\/rentree-nautique-grand-pavois\/#primaryimage"},"image":{"@id":"https:\/\/www.alabordage.fr\/blog\/rentree-nautique-grand-pavois\/#primaryimage"},"thumbnailUrl":"https:\/\/www.alabordage.fr\/blog\/wp-content\/uploads\/2014\/09\/grand_pavois_JM.Rieupeyrout.jpg","datePublished":"2014-09-08T10:17:19+00:00","dateModified":"2023-04-19T07:06:07+00:00","description":"RDV du 17 au 22 septembre 2014 pour le Grand Pavois, le salon nautique international qui se d\u00e9roule chaque ann\u00e9e dans le port des Minimes de La Rochelle.","breadcrumb":{"@id":"https:\/\/www.alabordage.fr\/blog\/rentree-nautique-grand-pavois\/#breadcrumb"},"inLanguage":"fr-FR","potentialAction":[{"@type":"ReadAction","target":["https:\/\/www.alabordage.fr\/blog\/rentree-nautique-grand-pavois\/"]}]},{"@type":"ImageObject","inLanguage":"fr-FR","@id":"https:\/\/www.alabordage.fr\/blog\/rentree-nautique-grand-pavois\/#primaryimage","url":"https:\/\/www.alabordage.fr\/blog\/wp-content\/uploads\/2014\/09\/grand_pavois_JM.Rieupeyrout.jpg","contentUrl":"https:\/\/www.alabordage.fr\/blog\/wp-content\/uploads\/2014\/09\/grand_pavois_JM.Rieupeyrout.jpg","width":1024,"height":649,"caption":"vue du port des Minimes pour le grand pavois"},{"@type":"BreadcrumbList","@id":"https:\/\/www.alabordage.fr\/blog\/rentree-nautique-grand-pavois\/#breadcrumb","itemListElement":[{"@type":"ListItem","position":1,"name":"Accueil","item":"https:\/\/www.alabordage.fr\/blog\/"},{"@type":"ListItem","position":2,"name":"Rentr\u00e9e nautique asiatique : rendez-vous au Grand Pavois !"}]},{"@type":"WebSite","@id":"https:\/\/www.alabordage.fr\/blog\/#website","url":"https:\/\/www.alabordage.fr\/blog\/","name":"A l&#039;Abordage","description":"L&#039;actualit\u00e9 nautique de votre shipchandler de tradition bois","publisher":{"@id":"https:\/\/www.alabordage.fr\/blog\/#organization"},"potentialAction":[{"@type":"SearchAction","target":{"@type":"EntryPoint","urlTemplate":"https:\/\/www.alabordage.fr\/blog\/?s={search_term_string}"},"query-input":{"@type":"PropertyValueSpecification","valueRequired":true,"valueName":"search_term_string"}}],"inLanguage":"fr-FR"},{"@type":"Organization","@id":"https:\/\/www.alabordage.fr\/blog\/#organization","name":"A l'Abordage","url":"https:\/\/www.alabordage.fr\/blog\/","logo":{"@type":"ImageObject","inLanguage":"fr-FR","@id":"https:\/\/www.alabordage.fr\/blog\/#\/schema\/logo\/image\/","url":"https:\/\/www.alabordage.fr\/blog\/wp-content\/uploads\/2014\/03\/A-labordage2.png","contentUrl":"https:\/\/www.alabordage.fr\/blog\/wp-content\/uploads\/2014\/03\/A-labordage2.png","width":286,"height":70,"caption":"A l'Abordage"},"image":{"@id":"https:\/\/www.alabordage.fr\/blog\/#\/schema\/logo\/image\/"},"sameAs":["https:\/\/www.facebook.com\/www.alabordage.fr\/"]},{"@type":"Person","@id":"https:\/\/www.alabordage.fr\/blog\/#\/schema\/person\/63f0c116690a89522abe4ddf18580353","name":"Administrateur","image":{"@type":"ImageObject","inLanguage":"fr-FR","@id":"https:\/\/www.alabordage.fr\/blog\/#\/schema\/person\/image\/","url":"https:\/\/secure.gravatar.com\/avatar\/fc07401743e0ef4f128b8e12e206ff120eb20221bafe9d7463892f757bba61e4?s=96&d=mm&r=g","contentUrl":"https:\/\/secure.gravatar.com\/avatar\/fc07401743e0ef4f128b8e12e206ff120eb20221bafe9d7463892f757bba61e4?s=96&d=mm&r=g","caption":"Administrateur"},"sameAs":["http:\/\/www.alabordage.fr","https:\/\/fr-fr.facebook.com\/www.alabordage.fr\/"]}]}},"_links":{"self":[{"href":"https:\/\/www.alabordage.fr\/blog\/wp-json\/wp\/v2\/posts\/370","targetHints":{"allow":["GET"]}}],"collection":[{"href":"https:\/\/www.alabordage.fr\/blog\/wp-json\/wp\/v2\/posts"}],"about":[{"href":"https:\/\/www.alabordage.fr\/blog\/wp-json\/wp\/v2\/types\/post"}],"author":[{"embeddable":true,"href":"https:\/\/www.alabordage.fr\/blog\/wp-json\/wp\/v2\/users\/1"}],"replies":[{"embeddable":true,"href":"https:\/\/www.alabordage.fr\/blog\/wp-json\/wp\/v2\/comments?post=370"}],"version-history":[{"count":2,"href":"https:\/\/www.alabordage.fr\/blog\/wp-json\/wp\/v2\/posts\/370\/revisions"}],"predecessor-version":[{"id":1044,"href":"https:\/\/www.alabordage.fr\/blog\/wp-json\/wp\/v2\/posts\/370\/revisions\/1044"}],"wp:featuredmedia":[{"embeddable":true,"href":"https:\/\/www.alabordage.fr\/blog\/wp-json\/wp\/v2\/media\/373"}],"wp:attachment":[{"href":"https:\/\/www.alabordage.fr\/blog\/wp-json\/wp\/v2\/media?parent=370"}],"wp:term":[{"taxonomy":"category","embeddable":true,"href":"https:\/\/www.alabordage.fr\/blog\/wp-json\/wp\/v2\/categories?post=370"},{"taxonomy":"post_tag","embeddable":true,"href":"https:\/\/www.alabordage.fr\/blog\/wp-json\/wp\/v2\/tags?post=370"}],"curies":[{"name":"wp","href":"https:\/\/api.w.org\/{rel}","templated":true}]}}